{"id":139,"date":"2012-05-13T23:45:53","date_gmt":"2012-05-14T03:45:53","guid":{"rendered":"http:\/\/felixarseneau.wordpress.com\/?p=139"},"modified":"2012-05-13T23:45:53","modified_gmt":"2012-05-14T03:45:53","slug":"est-il-correct-de-dire","status":"publish","type":"post","link":"https:\/\/felixarseneau.com\/trouvequipeut\/2012\/05\/13\/est-il-correct-de-dire\/","title":{"rendered":"Est-il correct de dire \u00ab\u00a0selon Wikip\u00e9dia&#8230;\u00a0\u00bb ou \u00ab\u00a0gracieuset\u00e9 de YouTube\u00a0\u00bb?"},"content":{"rendered":"<p>\u00c0 QUI appartient Internet? Le savez-vous? En 1995, vous auriez \u00e9t\u00e9 bien peu \u00e0 conna\u00eetre la r\u00e9ponse, n&rsquo;est-ce pas?<\/p>\n<p>Or, aujourd&rsquo;hui on utilise souvent des <strong>m\u00e9dias sociaux<\/strong>\u00a0dans lesquels l&rsquo;on met en commun des contenus, mais on a aussi tendance \u00e0 oublier que ces contenus sont \u00ab\u00a0collectifs\u00a0\u00bb, et qu&rsquo;ils n&rsquo;appartiennent pas \u00e0 l&rsquo;entit\u00e9 qui les diffuse!<!--more--><\/p>\n<p>En ce sens, je trouve toujours un peu \u00e9trange que certaines personnes pr\u00e9sentent leurs id\u00e9es en \u00ab\u00a0se basant sur\u00a0\u00bb Wikip\u00e9dia, comme si c&rsquo;\u00e9tait une \u00ab\u00a0entit\u00e9\u00a0\u00bb en soi. Est-ce que la \u00ab\u00a0communaut\u00e9 des b\u00e9n\u00e9voles contributeurs au contenu de Wikip\u00e9dia\u00a0\u00bb est en soi UNE source, une source CR\u00c9DIBLE?<\/p>\n<p>Je trouve aussi bizarre que certains <strong>m\u00e9dias t\u00e9l\u00e9vis\u00e9s<\/strong> \u00e9crivent la mention \u00ab\u00a0gracieuset\u00e9 de YouTube\u00a0\u00bb \u00e0 l&rsquo;\u00e9cran lorsqu&rsquo;ils diffusent des vid\u00e9os qu&rsquo;ils ont pris sur ce site. Le contenu appartient-il vraiment \u00e0 YouTube?<\/p>\n<p>Eh bien, selon ce qui est \u00e9crit <a title=\"Sources d'information destin\u00e9es aux enseignants et \u00e9ducateurs\" href=\"http:\/\/support.google.com\/youtube\/bin\/answer.py?hl=fr&amp;answer=157105\">sur son site<\/a>, il semblerait que non! Alors comment pourrait-il \u00ab\u00a0autoriser\u00a0\u00bb la diffusion d&rsquo;un contenu dans d&rsquo;autres m\u00e9dias?<\/p>\n<p>Extrait :<\/p>\n<p style=\"padding-left:30px;\">YouTube n\u2019est pas propri\u00e9taire du contenu publi\u00e9 sur son site. Par cons\u00e9quent, nous ne sommes pas en mesure de vous accorder l\u2019autorisation de l\u2019utiliser. Seul le propri\u00e9taire d\u2019un contenu est habilit\u00e9 \u00e0 fournir ce type d\u2019autorisation. Pour contacter le propri\u00e9taire d\u2019une vid\u00e9o, acc\u00e9dez \u00e0 sa cha\u00eene. Cette page vous permet d\u2019adresser votre demande d\u2019autorisation au propri\u00e9taire via notre syst\u00e8me de messagerie priv\u00e9e.<\/p>\n<p>Pourquoi ne pas simplement dire \u00ab\u00a0images tir\u00e9es de YouTube\u00a0\u00bb?<\/p>\n<p>Source :\u00a0<a title=\"Le blogue de Biblio-Web\" href=\"http:\/\/biblioweb.dmarquis.ep.profweb.qc.ca\/?p=62\">http:\/\/biblioweb.dmarquis.ep.profweb.qc.ca\/?p=62<\/a><\/p>\n","protected":false},"excerpt":{"rendered":"<p>\u00c0 QUI appartient Internet? Le savez-vous? En 1995, vous auriez \u00e9t\u00e9 bien peu \u00e0 conna\u00eetre la r\u00e9ponse, n&rsquo;est-ce pas? Or, aujourd&rsquo;hui on utilise souvent des m\u00e9dias sociaux\u00a0dans lesquels l&rsquo;on met en commun des contenus, mais on a aussi tendance \u00e0 oublier que ces contenus sont \u00ab\u00a0collectifs\u00a0\u00bb, et qu&rsquo;ils n&rsquo;appartiennent pas \u00e0 l&rsquo;entit\u00e9 qui les diffuse!<\/p>\n","protected":false},"author":2,"featured_media":0,"comment_status":"open","ping_status":"open","sticky":false,"template":"","format":"standard","meta":{"_exactmetrics_skip_tracking":false,"_exactmetrics_sitenote_active":false,"_exactmetrics_sitenote_note":"","_exactmetrics_sitenote_category":0,"jetpack_post_was_ever_published":false,"_jetpack_newsletter_access":"","_jetpack_dont_email_post_to_subs":false,"_jetpack_newsletter_tier_id":0,"_jetpack_memberships_contains_paywalled_content":false,"_jetpack_memberships_contains_paid_content":false,"footnotes":"","jetpack_publicize_message":"","jetpack_publicize_feature_enabled":true,"jetpack_social_post_already_shared":false,"jetpack_social_options":{"image_generator_settings":{"template":"highway","default_image_id":0,"font":"","enabled":false},"version":2}},"categories":[30,34,8],"tags":[79,139,140,146,160,175,309,355],"class_list":["post-139","post","type-post","status-publish","format-standard","hentry","category-internet","category-medias-sociaux","category-societe","tag-autorisations-et-permissions","tag-contenus-collaboratifs","tag-contenus-collectifs","tag-credibilite-dune-source-dinformation","tag-diffusion-de-linformation","tag-droits-dauteur","tag-propriete-des-contenus-et-des-donnees","tag-source-dune-information"],"jetpack_publicize_connections":[],"jetpack_featured_media_url":"","jetpack_sharing_enabled":true,"jetpack_shortlink":"https:\/\/wp.me\/p9D2Ec-2f","jetpack_likes_enabled":true,"jetpack-related-posts":[],"_links":{"self":[{"href":"https:\/\/felixarseneau.com\/trouvequipeut\/wp-json\/wp\/v2\/posts\/139","targetHints":{"allow":["GET"]}}],"collection":[{"href":"https:\/\/felixarseneau.com\/trouvequipeut\/wp-json\/wp\/v2\/posts"}],"about":[{"href":"https:\/\/felixarseneau.com\/trouvequipeut\/wp-json\/wp\/v2\/types\/post"}],"author":[{"embeddable":true,"href":"https:\/\/felixarseneau.com\/trouvequipeut\/wp-json\/wp\/v2\/users\/2"}],"replies":[{"embeddable":true,"href":"https:\/\/felixarseneau.com\/trouvequipeut\/wp-json\/wp\/v2\/comments?post=139"}],"version-history":[{"count":0,"href":"https:\/\/felixarseneau.com\/trouvequipeut\/wp-json\/wp\/v2\/posts\/139\/revisions"}],"wp:attachment":[{"href":"https:\/\/felixarseneau.com\/trouvequipeut\/wp-json\/wp\/v2\/media?parent=139"}],"wp:term":[{"taxonomy":"category","embeddable":true,"href":"https:\/\/felixarseneau.com\/trouvequipeut\/wp-json\/wp\/v2\/categories?post=139"},{"taxonomy":"post_tag","embeddable":true,"href":"https:\/\/felixarseneau.com\/trouvequipeut\/wp-json\/wp\/v2\/tags?post=139"}],"curies":[{"name":"wp","href":"https:\/\/api.w.org\/{rel}","templated":true}]}}