{"id":153,"date":"2012-05-17T10:21:38","date_gmt":"2012-05-17T15:21:38","guid":{"rendered":"http:\/\/felixarseneau.wordpress.com\/?p=153"},"modified":"2012-05-17T10:21:38","modified_gmt":"2012-05-17T15:21:38","slug":"groupes-linkedin-visible","status":"publish","type":"post","link":"https:\/\/felixarseneau.com\/trouvequipeut\/2012\/05\/17\/groupes-linkedin-visible\/","title":{"rendered":"Propri\u00e9taires de groupes LinkedIn : votre groupe est-il visible?"},"content":{"rendered":"<p><em>[Note: Plusieurs choses ont chang\u00e9 dans le fonctionnement des groupes de LinkedIn. Plusieurs des informations qui figurent dans cet articles risquent d&rsquo;\u00eatre d\u00e9su\u00e8tes. &#8211; FA]<\/em><\/p>\n<hr \/>\n<p>Si quelqu&rsquo;un fait une recherche \u00e0 partir de mots-cl\u00e9s dans LinkedIn, trouvera t-il votre groupe? Si ce n&rsquo;est pas le cas, c&rsquo;est comme si votre groupe n&rsquo;existait pas!<\/p>\n<p><!--more--><\/p>\n<p>\u00c9tant propri\u00e9taire de plusieurs groupes dans LinkedIn, j&rsquo;ai test\u00e9 la performance de l&rsquo;outil de recherche qui nous est propos\u00e9 sur cette plateforme. \u00a0Un conseil, d\u00e8s le d\u00e9part : <strong>ne prenez rien pour acquis et testez-le par vous-m\u00eames<\/strong>!<\/p>\n<h3>La section \u00ab\u00a0Informations sur le groupe\u00a0\u00bb<\/h3>\n<p>Vous avez d\u00e9j\u00e0 cr\u00e9\u00e9 votre groupe LinkedIn? Bien. Maintenant, avez-vous compl\u00e9t\u00e9 la section \u00ab\u00a0Information sur le groupe\u00a0\u00bb, particuli\u00e8rement ce qui appara\u00eet dans le \u00ab\u00a0R\u00e9sum\u00e9\u00a0\u00bb?<\/p>\n<p>Si vous n&rsquo;y avez pas port\u00e9 attention, sachez que c&rsquo;est pr\u00e9cis\u00e9ment cette partie &#8212; en plus du titre du groupe &#8212; qui est <strong>index\u00e9e<\/strong> dans le moteur de recherche de LinkedIn. Autrement dit, c&rsquo;est \u00e0 partir de ces zones (texte et r\u00e9sum\u00e9) que LinkedIn cherchera les mots-cl\u00e9s que les utilisateurs de LinkedIn auront entr\u00e9s.<\/p>\n<h4>R\u00e9diger un bon r\u00e9sum\u00e9<\/h4>\n<p>Vous disposez d&rsquo;un maximum de 300 caract\u00e8res, incluant les espaces, pour pr\u00e9senter votre groupe \u00e0 la communaut\u00e9 LinkedIn. On vous indique que <strong>ce texte\u00a0est visible dans l&rsquo;annuaire des groupes<\/strong>, mais il est bon de savoir que <strong>c&rsquo;est aussi celui qui\u00a0appara\u00eetra\u00a0dans les r\u00e9sultats de recherche<\/strong>.<\/p>\n<p>Cependant, vous devez savoir que seulement <strong>une partie<\/strong> de ce r\u00e9sum\u00e9 (jusqu&rsquo;\u00e0 environ 140 caract\u00e8res) sera affich\u00e9e parmi les autres r\u00e9sultats. Vous avez donc avantage \u00e0 indiquer d\u00e8s le d\u00e9part ce qui est d&rsquo;int\u00e9r\u00eat pour vos membres\u00a0potentiels, question de les inciter \u00e0 en savoir plus.<\/p>\n<p>Par exemple, voici la description (le r\u00e9sum\u00e9) qui appara\u00eet dans les r\u00e9sultats de recherches de mon groupe \u00ab\u00a0<a title=\"Page d'accueil du groupe &quot;Gestion strat\u00e9gique de l'information (GSI)&quot; sur LinkedIn\" href=\"http:\/\/www.linkedin.com\/groups?gid=3942187\" target=\"_blank\">Gestion strat\u00e9gique de l&rsquo;information (GSI)<\/a>\u00a0\u00bb :<\/p>\n<blockquote><p><em>Le plus grand groupe francophone s&rsquo;int\u00e9ressant \u00e0 la gestion de l&rsquo;information dans son ensemble (donn\u00e9es, documents, contenus, connaissances);&#8230;<\/em><\/p><\/blockquote>\n<p>Par la suite, rien ne vous emp\u00eache d&rsquo;ajouter du texte compl\u00e9mentaire, incluant &#8212; eh oui &#8212; des mots-cl\u00e9s <strong>repr\u00e9sentatifs<\/strong>, ou simplement <strong>susceptibles d&rsquo;\u00eatre utilis\u00e9s<\/strong> par ceux qui cherchent un groupe refl\u00e9tant leurs affinit\u00e9s.<\/p>\n<h4>Choisir strat\u00e9giquement ses mots-cl\u00e9s<\/h4>\n<p>En effectuant les test, j&rsquo;ai constat\u00e9, \u00e0 ma grande surprise, que <strong>LinkedIn ne fait pas de troncature des mots<\/strong>. Ainsi si, dans votre titre ou votre r\u00e9sum\u00e9, vous avez uniquement le mot \u00ab\u00a0information\u00a0\u00bb au singulier, LinkedIn <strong>ne reconna\u00eetra pas<\/strong> le mot-cl\u00e9 \u00ab\u00a0informations\u00a0\u00bb. Le contraire est aussi vrai.<\/p>\n<p>Ainsi, dans le cas de mon groupe, si un chercheur d&rsquo;information utilisait les mots \u00ab\u00a0gestion informations\u00a0\u00bb, mon groupe n&rsquo;apparaissait nulle part. M\u00eame chose, \u00e0 l&rsquo;inverse, si je mets seulement le mot \u00ab\u00a0documents\u00a0\u00bb au pluriel. Si l&rsquo;utilisateur utilise le mot au singulier, mon groupe n&rsquo;appara\u00eet pas non plus.<\/p>\n<p>Pour rem\u00e9dier \u00e0 la situation, j&rsquo;ai ajout\u00e9 les mots-cl\u00e9s \u00ab\u00a0document\u00a0\u00bb, \u00ab\u00a0contenu\u00a0\u00bb et \u00ab\u00a0informations\u00a0\u00bb. J&rsquo;ai aussi ajout\u00e9 \u00ab\u00a0savoir\u00a0\u00bb en guise d&rsquo;alternative \u00e0 \u00ab\u00a0connaissances\u00a0\u00bb, puisque l&rsquo;expression \u00ab\u00a0gestion du savoir\u00a0\u00bb est souvent utilis\u00e9e pour \u00ab\u00a0gestion des connaissances\u00a0\u00bb.<\/p>\n<p>Mais attention! Ce n&rsquo;est pas tout! M\u00eame les mots \u00ab\u00a0vides\u00a0\u00bb doivent aussi \u00eatre ajout\u00e9s! Par exemple, si un utilisateur utilise les mots-cl\u00e9s \u00ab\u00a0gestion des informations\u00a0\u00bb ou \u00ab\u00a0gestion du savoir\u00a0\u00bb, les articles \u00ab\u00a0des\u00a0\u00bb et \u00ab\u00a0du\u00a0\u00bb <strong>doivent \u00eatre<\/strong> dans le r\u00e9sum\u00e9!<\/p>\n<p>De m\u00eame, si l&rsquo;utilisateur utilise l&rsquo;expression \u00ab\u00a0d&rsquo;information\u00a0\u00bb, il n&rsquo;y aura aucun r\u00e9sultat si je ne la pr\u00e9cise pas! Ajouter simplement \u00ab\u00a0d'\u00a0\u00bb ne suffit pas. J&rsquo;ai donc ajout\u00e9 \u00ab\u00a0d&rsquo;information\u00a0\u00bb \u00e0 ma liste.<\/p>\n<h4>&#8230;et les positionner strat\u00e9giquement!<\/h4>\n<p>Il n&rsquo;est pas <em>n\u00e9cessaire<\/em> que toutes les expression qui contiennent un mot commun soient pr\u00e9sent\u00e9es telles quelles. Il n&rsquo;est donc pas n\u00e9cessaire, par exemple, d&rsquo;\u00e9crire sp\u00e9cifiquement : \u00ab\u00a0gestion des donn\u00e9es\u00a0\u00bb, \u00ab\u00a0gestion du savoir\u00a0\u00bb, \u00ab\u00a0management de l&rsquo;information\u00a0\u00bb, \u00ab\u00a0knowledge management\u00a0\u00bb, etc.<\/p>\n<p>Cependant, les mots-cl\u00e9s qui sont \u00ab\u00a0coll\u00e9s\u00a0\u00bb logiquement ont davantage de chances d&rsquo;\u00eatre ramen\u00e9s en premi\u00e8re position, et sont <strong>obligatoires<\/strong> pour \u00eatre reconnus dans une expression exacte (si le chercheur d&rsquo;information utilise des guillemets pour raffiner sa recherche). C&rsquo;est plus rare que les gens utilisent cette technique de recherche, mais vous avez avantage \u00e0 en tenir compte.<\/p>\n<h4>Le r\u00e9sultat final, complet?<\/h4>\n<p>Le r\u00e9sum\u00e9 que j&rsquo;ai fait pr\u00e9sente le groupe, avec une partie qui vise \u00e0 int\u00e9resser le public, une partie qui pr\u00e9cise la nature du groupe, et enfin quelques mots-cl\u00e9s strat\u00e9giquement positionn\u00e9s.<\/p>\n<blockquote><p><em><strong>Le plus grand groupe francophone s&rsquo;int\u00e9ressant \u00e0 la gestion de l&rsquo;information dans son ensemble (donn\u00e9es, documents, contenus, connaissances);<\/strong> public, non commercial, pluridisciplinaire et international. <\/em>\/\/ information contenu document des informations d&rsquo;information du savoir knowledge management KM.<\/p><\/blockquote>\n","protected":false},"excerpt":{"rendered":"<p>[Note: Plusieurs choses ont chang\u00e9 dans le fonctionnement des groupes de LinkedIn. Plusieurs des informations qui figurent dans cet articles risquent d&rsquo;\u00eatre d\u00e9su\u00e8tes. &#8211; FA] Si quelqu&rsquo;un fait une recherche \u00e0 partir de mots-cl\u00e9s dans LinkedIn, trouvera t-il votre groupe? Si ce n&rsquo;est pas le cas, c&rsquo;est comme si votre groupe n&rsquo;existait pas!<\/p>\n","protected":false},"author":2,"featured_media":0,"comment_status":"open","ping_status":"open","sticky":false,"template":"","format":"standard","meta":{"_exactmetrics_skip_tracking":false,"_exactmetrics_sitenote_active":false,"_exactmetrics_sitenote_note":"","_exactmetrics_sitenote_category":0,"jetpack_post_was_ever_published":false,"_jetpack_newsletter_access":"","_jetpack_dont_email_post_to_subs":false,"_jetpack_newsletter_tier_id":0,"_jetpack_memberships_contains_paywalled_content":false,"_jetpack_memberships_contains_paid_content":false,"footnotes":"","jetpack_publicize_message":"","jetpack_publicize_feature_enabled":true,"jetpack_social_post_already_shared":false,"jetpack_social_options":{"image_generator_settings":{"template":"highway","default_image_id":0,"font":"","enabled":false},"version":2}},"categories":[60,35,39,13],"tags":[106,116,154,82,84,209,226,235,250,278,323,332,364,373,382,396],"class_list":["post-153","post","type-post","status-publish","format-standard","hentry","category-linkedin","category-moteur-de-recherche","category-recherche-et-reperage-dinformation","category-test-mise-a-lessai","tag-choix-des-mots-cles","tag-comment-attirer-lattention-des-lecteurs-visiteurs-destinataires","tag-description-dun-groupe-linkedin","tag-ecrire-un-texte-pour-quil-soit-lu","tag-ecrire-un-texte-pour-quil-soit-repere-dans-les-moteurs-de-recherche","tag-groupe-linkedin","tag-indexation","tag-informations-sur-un-groupe-linkedin","tag-marketing","tag-mots-cles","tag-redaction","tag-rendre-un-groupe-linkedin-visible","tag-susciter-linteret","tag-troncature-dans-les-moteurs-de-recherche","tag-utilisation-des-mots-cles","tag-visibilite-dans-les-medias-sociaux"],"jetpack_publicize_connections":[],"jetpack_featured_media_url":"","jetpack_sharing_enabled":true,"jetpack_shortlink":"https:\/\/wp.me\/p9D2Ec-2t","jetpack_likes_enabled":true,"jetpack-related-posts":[],"_links":{"self":[{"href":"https:\/\/felixarseneau.com\/trouvequipeut\/wp-json\/wp\/v2\/posts\/153","targetHints":{"allow":["GET"]}}],"collection":[{"href":"https:\/\/felixarseneau.com\/trouvequipeut\/wp-json\/wp\/v2\/posts"}],"about":[{"href":"https:\/\/felixarseneau.com\/trouvequipeut\/wp-json\/wp\/v2\/types\/post"}],"author":[{"embeddable":true,"href":"https:\/\/felixarseneau.com\/trouvequipeut\/wp-json\/wp\/v2\/users\/2"}],"replies":[{"embeddable":true,"href":"https:\/\/felixarseneau.com\/trouvequipeut\/wp-json\/wp\/v2\/comments?post=153"}],"version-history":[{"count":0,"href":"https:\/\/felixarseneau.com\/trouvequipeut\/wp-json\/wp\/v2\/posts\/153\/revisions"}],"wp:attachment":[{"href":"https:\/\/felixarseneau.com\/trouvequipeut\/wp-json\/wp\/v2\/media?parent=153"}],"wp:term":[{"taxonomy":"category","embeddable":true,"href":"https:\/\/felixarseneau.com\/trouvequipeut\/wp-json\/wp\/v2\/categories?post=153"},{"taxonomy":"post_tag","embeddable":true,"href":"https:\/\/felixarseneau.com\/trouvequipeut\/wp-json\/wp\/v2\/tags?post=153"}],"curies":[{"name":"wp","href":"https:\/\/api.w.org\/{rel}","templated":true}]}}